{"id":1135,"date":"2025-02-28T11:24:39","date_gmt":"2025-02-28T10:24:39","guid":{"rendered":"https:\/\/www.morere-menuiseries.fr\/?p=1135"},"modified":"2025-04-08T11:10:39","modified_gmt":"2025-04-08T09:10:39","slug":"cuisine-blanc-et-bois-massif","status":"publish","type":"post","link":"https:\/\/www.morere-menuiseries.fr\/index.php\/2025\/02\/28\/cuisine-blanc-et-bois-massif\/","title":{"rendered":"Cuisine blanc et bois massif"},"content":{"rendered":"\t\t<div data-elementor-type=\"wp-post\" data-elementor-id=\"1135\" class=\"elementor elementor-1135\" data-elementor-post-type=\"post\">\n\t\t\t\t\t\t<section class=\"elementor-section elementor-top-section elementor-element elementor-element-18721b5 elementor-section-boxed elementor-section-height-default elementor-section-height-default\" data-id=\"18721b5\" data-element_type=\"section\" data-e-type=\"section\">\n\t\t\t\t\t\t<div class=\"elementor-container elementor-column-gap-default\">\n\t\t\t\t\t<div class=\"elementor-column elementor-col-100 elementor-top-column elementor-element elementor-element-0bb923a\" data-id=\"0bb923a\" data-element_type=\"column\" data-e-type=\"column\">\n\t\t\t<div class=\"elementor-widget-wrap elementor-element-populated\">\n\t\t\t\t\t\t<div class=\"elementor-element elementor-element-abd60dc elementor-widget elementor-widget-heading\" data-id=\"abd60dc\" data-element_type=\"widget\" data-e-type=\"widget\" data-widget_type=\"heading.default\">\n\t\t\t\t<div class=\"elementor-widget-container\">\n\t\t\t\t\t<h1 class=\"elementor-heading-title elementor-size-default\">Cuisine Blanc et bois massif<\/h1>\t\t\t\t<\/div>\n\t\t\t\t<\/div>\n\t\t\t\t\t<\/div>\n\t\t<\/div>\n\t\t\t\t\t<\/div>\n\t\t<\/section>\n\t\t\t\t<section class=\"elementor-section elementor-top-section elementor-element elementor-element-87d666c elementor-section-boxed elementor-section-height-default elementor-section-height-default\" data-id=\"87d666c\" data-element_type=\"section\" data-e-type=\"section\">\n\t\t\t\t\t\t<div class=\"elementor-container elementor-column-gap-default\">\n\t\t\t\t\t<div class=\"elementor-column elementor-col-50 elementor-top-column elementor-element elementor-element-850fc5a\" data-id=\"850fc5a\" data-element_type=\"column\" data-e-type=\"column\">\n\t\t\t<div class=\"elementor-widget-wrap elementor-element-populated\">\n\t\t\t\t\t\t<div class=\"elementor-element elementor-element-a4b832b elementor-invisible elementor-widget elementor-widget-image\" data-id=\"a4b832b\" data-element_type=\"widget\" data-e-type=\"widget\" data-settings=\"{&quot;_animation&quot;:&quot;slideInLeft&quot;}\" data-widget_type=\"image.default\">\n\t\t\t\t<div class=\"elementor-widget-container\">\n\t\t\t\t\t\t\t\t\t\t\t\t\t\t\t<img fetchpriority=\"high\" decoding=\"async\" width=\"800\" height=\"451\" src=\"https:\/\/www.morere-menuiseries.fr\/wp-content\/uploads\/2022\/04\/20250226_161806-1024x577.jpg\" class=\"attachment-large size-large wp-image-1132\" alt=\"\" srcset=\"https:\/\/www.morere-menuiseries.fr\/wp-content\/uploads\/2022\/04\/20250226_161806-1024x577.jpg 1024w, https:\/\/www.morere-menuiseries.fr\/wp-content\/uploads\/2022\/04\/20250226_161806-300x169.jpg 300w, https:\/\/www.morere-menuiseries.fr\/wp-content\/uploads\/2022\/04\/20250226_161806-768x432.jpg 768w, https:\/\/www.morere-menuiseries.fr\/wp-content\/uploads\/2022\/04\/20250226_161806-1536x865.jpg 1536w, https:\/\/www.morere-menuiseries.fr\/wp-content\/uploads\/2022\/04\/20250226_161806-2048x1153.jpg 2048w\" sizes=\"(max-width: 800px) 100vw, 800px\" \/>\t\t\t\t\t\t\t\t\t\t\t\t\t\t\t<\/div>\n\t\t\t\t<\/div>\n\t\t\t\t\t<\/div>\n\t\t<\/div>\n\t\t\t\t<div class=\"elementor-column elementor-col-50 elementor-top-column elementor-element elementor-element-c89e4d3\" data-id=\"c89e4d3\" data-element_type=\"column\" data-e-type=\"column\">\n\t\t\t<div class=\"elementor-widget-wrap elementor-element-populated\">\n\t\t\t\t\t\t<div class=\"elementor-element elementor-element-62f057d elementor-invisible elementor-widget elementor-widget-heading\" data-id=\"62f057d\" data-element_type=\"widget\" data-e-type=\"widget\" data-settings=\"{&quot;_animation&quot;:&quot;slideInRight&quot;}\" data-widget_type=\"heading.default\">\n\t\t\t\t<div class=\"elementor-widget-container\">\n\t\t\t\t\t<h2 class=\"elementor-heading-title elementor-size-default\">Une esth\u00e9tique chaleureuse et lumineuse<\/h2>\t\t\t\t<\/div>\n\t\t\t\t<\/div>\n\t\t\t\t<div class=\"elementor-element elementor-element-fc14abd elementor-invisible elementor-widget elementor-widget-text-editor\" data-id=\"fc14abd\" data-element_type=\"widget\" data-e-type=\"widget\" data-settings=\"{&quot;_animation&quot;:&quot;slideInRight&quot;}\" data-widget_type=\"text-editor.default\">\n\t\t\t\t<div class=\"elementor-widget-container\">\n\t\t\t\t\t\t\t\t\t<p>Nous pla\u00e7ons l\u2019esth\u00e9tique au c\u0153ur de la conception d&rsquo;une cuisine sur mesure en bois et blanc. Ce mariage subtil entre la douceur du blanc et le caract\u00e8re du bois cr\u00e9e une ambiance \u00e0 la fois moderne et chaleureuse. Chaque projet est pens\u00e9 pour valoriser votre int\u00e9rieur, avec des mat\u00e9riaux nobles et des finitions \u00e9l\u00e9gantes. Ensemble, nous donnons vie \u00e0 une cuisine fonctionnelle et pleine de charme, en parfaite harmonie avec votre mode de vie.<\/p>\t\t\t\t\t\t\t\t<\/div>\n\t\t\t\t<\/div>\n\t\t\t\t\t<\/div>\n\t\t<\/div>\n\t\t\t\t\t<\/div>\n\t\t<\/section>\n\t\t\t\t<section class=\"elementor-section elementor-top-section elementor-element elementor-element-f3fe4c2 elementor-section-boxed elementor-section-height-default elementor-section-height-default\" data-id=\"f3fe4c2\" data-element_type=\"section\" data-e-type=\"section\">\n\t\t\t\t\t\t<div class=\"elementor-container elementor-column-gap-default\">\n\t\t\t\t\t<div class=\"elementor-column elementor-col-50 elementor-top-column elementor-element elementor-element-09b43da\" data-id=\"09b43da\" data-element_type=\"column\" data-e-type=\"column\">\n\t\t\t<div class=\"elementor-widget-wrap elementor-element-populated\">\n\t\t\t\t\t\t<div class=\"elementor-element elementor-element-8595b8c elementor-invisible elementor-widget elementor-widget-heading\" data-id=\"8595b8c\" data-element_type=\"widget\" data-e-type=\"widget\" data-settings=\"{&quot;_animation&quot;:&quot;slideInLeft&quot;}\" data-widget_type=\"heading.default\">\n\t\t\t\t<div class=\"elementor-widget-container\">\n\t\t\t\t\t<h2 class=\"elementor-heading-title elementor-size-default\">Des mat\u00e9riaux nobles et durables<\/h2>\t\t\t\t<\/div>\n\t\t\t\t<\/div>\n\t\t\t\t<div class=\"elementor-element elementor-element-a039ce0 elementor-invisible elementor-widget elementor-widget-text-editor\" data-id=\"a039ce0\" data-element_type=\"widget\" data-e-type=\"widget\" data-settings=\"{&quot;_animation&quot;:&quot;slideInLeft&quot;}\" data-widget_type=\"text-editor.default\">\n\t\t\t\t<div class=\"elementor-widget-container\">\n\t\t\t\t\t\t\t\t\t<p>Dans la conception d&rsquo;une cuisine sur mesure en bois et blanc, le choix des mat\u00e9riaux est fondamental. Nous travaillons uniquement avec du bois issu de fili\u00e8res responsables, associ\u00e9 \u00e0 des surfaces blanches soigneusement s\u00e9lectionn\u00e9es pour leur r\u00e9sistance et leur esth\u00e9tisme. Cette combinaison garantit \u00e0 la fois long\u00e9vit\u00e9 et \u00e9l\u00e9gance. En misant sur la qualit\u00e9 artisanale, nous cr\u00e9ons une cuisine qui s\u2019inscrit dans le temps, sans compromis sur la beaut\u00e9 ni sur la robustesse.<\/p>\t\t\t\t\t\t\t\t<\/div>\n\t\t\t\t<\/div>\n\t\t\t\t\t<\/div>\n\t\t<\/div>\n\t\t\t\t<div class=\"elementor-column elementor-col-50 elementor-top-column elementor-element elementor-element-4990dec\" data-id=\"4990dec\" data-element_type=\"column\" data-e-type=\"column\">\n\t\t\t<div class=\"elementor-widget-wrap elementor-element-populated\">\n\t\t\t\t\t\t<div class=\"elementor-element elementor-element-af001d5 elementor-invisible elementor-widget elementor-widget-image\" data-id=\"af001d5\" data-element_type=\"widget\" data-e-type=\"widget\" data-settings=\"{&quot;_animation&quot;:&quot;slideInRight&quot;}\" data-widget_type=\"image.default\">\n\t\t\t\t<div class=\"elementor-widget-container\">\n\t\t\t\t\t\t\t\t\t\t\t\t\t\t\t<img decoding=\"async\" width=\"800\" height=\"451\" src=\"https:\/\/www.morere-menuiseries.fr\/wp-content\/uploads\/2022\/04\/20250226_161833-1024x577.jpg\" class=\"attachment-large size-large wp-image-1133\" alt=\"\" srcset=\"https:\/\/www.morere-menuiseries.fr\/wp-content\/uploads\/2022\/04\/20250226_161833-1024x577.jpg 1024w, https:\/\/www.morere-menuiseries.fr\/wp-content\/uploads\/2022\/04\/20250226_161833-300x169.jpg 300w, https:\/\/www.morere-menuiseries.fr\/wp-content\/uploads\/2022\/04\/20250226_161833-768x432.jpg 768w, https:\/\/www.morere-menuiseries.fr\/wp-content\/uploads\/2022\/04\/20250226_161833-1536x865.jpg 1536w, https:\/\/www.morere-menuiseries.fr\/wp-content\/uploads\/2022\/04\/20250226_161833-2048x1153.jpg 2048w\" sizes=\"(max-width: 800px) 100vw, 800px\" \/>\t\t\t\t\t\t\t\t\t\t\t\t\t\t\t<\/div>\n\t\t\t\t<\/div>\n\t\t\t\t\t<\/div>\n\t\t<\/div>\n\t\t\t\t\t<\/div>\n\t\t<\/section>\n\t\t\t\t<section class=\"elementor-section elementor-top-section elementor-element elementor-element-e06f6a3 elementor-section-boxed elementor-section-height-default elementor-section-height-default\" data-id=\"e06f6a3\" data-element_type=\"section\" data-e-type=\"section\">\n\t\t\t\t\t\t<div class=\"elementor-container elementor-column-gap-default\">\n\t\t\t\t\t<div class=\"elementor-column elementor-col-50 elementor-top-column elementor-element elementor-element-5cf5a16\" data-id=\"5cf5a16\" data-element_type=\"column\" data-e-type=\"column\">\n\t\t\t<div class=\"elementor-widget-wrap elementor-element-populated\">\n\t\t\t\t\t\t<div class=\"elementor-element elementor-element-b66876c elementor-invisible elementor-widget elementor-widget-image\" data-id=\"b66876c\" data-element_type=\"widget\" data-e-type=\"widget\" data-settings=\"{&quot;_animation&quot;:&quot;slideInLeft&quot;}\" data-widget_type=\"image.default\">\n\t\t\t\t<div class=\"elementor-widget-container\">\n\t\t\t\t\t\t\t\t\t\t\t\t\t\t\t<img decoding=\"async\" width=\"800\" height=\"451\" src=\"https:\/\/www.morere-menuiseries.fr\/wp-content\/uploads\/2022\/04\/20250226_162000-1024x577.jpg\" class=\"attachment-large size-large wp-image-1131\" alt=\"\" srcset=\"https:\/\/www.morere-menuiseries.fr\/wp-content\/uploads\/2022\/04\/20250226_162000-1024x577.jpg 1024w, https:\/\/www.morere-menuiseries.fr\/wp-content\/uploads\/2022\/04\/20250226_162000-300x169.jpg 300w, https:\/\/www.morere-menuiseries.fr\/wp-content\/uploads\/2022\/04\/20250226_162000-768x432.jpg 768w, https:\/\/www.morere-menuiseries.fr\/wp-content\/uploads\/2022\/04\/20250226_162000-1536x865.jpg 1536w, https:\/\/www.morere-menuiseries.fr\/wp-content\/uploads\/2022\/04\/20250226_162000-2048x1153.jpg 2048w\" sizes=\"(max-width: 800px) 100vw, 800px\" \/>\t\t\t\t\t\t\t\t\t\t\t\t\t\t\t<\/div>\n\t\t\t\t<\/div>\n\t\t\t\t\t<\/div>\n\t\t<\/div>\n\t\t\t\t<div class=\"elementor-column elementor-col-50 elementor-top-column elementor-element elementor-element-8ce3a48\" data-id=\"8ce3a48\" data-element_type=\"column\" data-e-type=\"column\">\n\t\t\t<div class=\"elementor-widget-wrap elementor-element-populated\">\n\t\t\t\t\t\t<div class=\"elementor-element elementor-element-7a7082c elementor-invisible elementor-widget elementor-widget-heading\" data-id=\"7a7082c\" data-element_type=\"widget\" data-e-type=\"widget\" data-settings=\"{&quot;_animation&quot;:&quot;slideInRight&quot;}\" data-widget_type=\"heading.default\">\n\t\t\t\t<div class=\"elementor-widget-container\">\n\t\t\t\t\t<h2 class=\"elementor-heading-title elementor-size-default\">Un savoir-faire artisanal au service de vos envies<\/h2>\t\t\t\t<\/div>\n\t\t\t\t<\/div>\n\t\t\t\t<div class=\"elementor-element elementor-element-b3f4ba7 elementor-invisible elementor-widget elementor-widget-text-editor\" data-id=\"b3f4ba7\" data-element_type=\"widget\" data-e-type=\"widget\" data-settings=\"{&quot;_animation&quot;:&quot;slideInRight&quot;}\" data-widget_type=\"text-editor.default\">\n\t\t\t\t<div class=\"elementor-widget-container\">\n\t\t\t\t\t\t\t\t\t<p>Notre savoir-faire artisanal est au centre de la conception d&rsquo;une cuisine sur mesure en bois et blanc. Chaque projet commence par une \u00e9coute attentive de vos besoins et une \u00e9tude pr\u00e9cise de votre espace. Nous r\u00e9alisons chaque \u00e9l\u00e9ment \u00e0 la main, avec passion et pr\u00e9cision, pour un r\u00e9sultat \u00e0 la hauteur de vos attentes. Parce qu\u2019une cuisine n\u2019est pas qu\u2019un lieu de pr\u00e9paration, mais un v\u00e9ritable espace de vie, nous soignons chaque d\u00e9tail.<\/p>\t\t\t\t\t\t\t\t<\/div>\n\t\t\t\t<\/div>\n\t\t\t\t\t<\/div>\n\t\t<\/div>\n\t\t\t\t\t<\/div>\n\t\t<\/section>\n\t\t\t\t<section class=\"elementor-section elementor-top-section elementor-element elementor-element-ad33ed7 elementor-section-boxed elementor-section-height-default elementor-section-height-default\" data-id=\"ad33ed7\" data-element_type=\"section\" data-e-type=\"section\">\n\t\t\t\t\t\t<div class=\"elementor-container elementor-column-gap-default\">\n\t\t\t\t\t<div class=\"elementor-column elementor-col-50 elementor-top-column elementor-element elementor-element-83b2671\" data-id=\"83b2671\" data-element_type=\"column\" data-e-type=\"column\">\n\t\t\t<div class=\"elementor-widget-wrap elementor-element-populated\">\n\t\t\t\t\t\t<div class=\"elementor-element elementor-element-103182f elementor-invisible elementor-widget elementor-widget-heading\" data-id=\"103182f\" data-element_type=\"widget\" data-e-type=\"widget\" data-settings=\"{&quot;_animation&quot;:&quot;slideInLeft&quot;}\" data-widget_type=\"heading.default\">\n\t\t\t\t<div class=\"elementor-widget-container\">\n\t\t\t\t\t<h2 class=\"elementor-heading-title elementor-size-default\">Un accompagnement personnalis\u00e9 \u00e0 chaque \u00e9tape<\/h2>\t\t\t\t<\/div>\n\t\t\t\t<\/div>\n\t\t\t\t<div class=\"elementor-element elementor-element-20ad81d elementor-invisible elementor-widget elementor-widget-text-editor\" data-id=\"20ad81d\" data-element_type=\"widget\" data-e-type=\"widget\" data-settings=\"{&quot;_animation&quot;:&quot;slideInLeft&quot;}\" data-widget_type=\"text-editor.default\">\n\t\t\t\t<div class=\"elementor-widget-container\">\n\t\t\t\t\t\t\t\t\t<p>Nous vous accompagnons \u00e0 chaque \u00e9tape de la conception d&rsquo;une cuisine sur mesure en bois et blanc. De la premi\u00e8re esquisse au montage final, nous sommes \u00e0 vos c\u00f4t\u00e9s pour vous conseiller, ajuster, et garantir un rendu qui vous ressemble. Gr\u00e2ce \u00e0 notre expertise en am\u00e9nagement int\u00e9rieur, nous transformons vos id\u00e9es en un espace fonctionnel, design et chaleureux. Chaque cuisine que nous r\u00e9alisons est une pi\u00e8ce unique, fa\u00e7onn\u00e9e avec exigence et passion.<\/p>\t\t\t\t\t\t\t\t<\/div>\n\t\t\t\t<\/div>\n\t\t\t\t\t<\/div>\n\t\t<\/div>\n\t\t\t\t<div class=\"elementor-column elementor-col-50 elementor-top-column elementor-element elementor-element-d9c2870\" data-id=\"d9c2870\" data-element_type=\"column\" data-e-type=\"column\">\n\t\t\t<div class=\"elementor-widget-wrap elementor-element-populated\">\n\t\t\t\t\t\t<div class=\"elementor-element elementor-element-9ffef3d elementor-invisible elementor-widget elementor-widget-image\" data-id=\"9ffef3d\" data-element_type=\"widget\" data-e-type=\"widget\" data-settings=\"{&quot;_animation&quot;:&quot;slideInRight&quot;}\" data-widget_type=\"image.default\">\n\t\t\t\t<div class=\"elementor-widget-container\">\n\t\t\t\t\t\t\t\t\t\t\t\t\t\t\t<img loading=\"lazy\" decoding=\"async\" width=\"800\" height=\"451\" src=\"https:\/\/www.morere-menuiseries.fr\/wp-content\/uploads\/2022\/04\/20250226_161925-1024x577.jpg\" class=\"attachment-large size-large wp-image-1134\" alt=\"\" srcset=\"https:\/\/www.morere-menuiseries.fr\/wp-content\/uploads\/2022\/04\/20250226_161925-1024x577.jpg 1024w, https:\/\/www.morere-menuiseries.fr\/wp-content\/uploads\/2022\/04\/20250226_161925-300x169.jpg 300w, https:\/\/www.morere-menuiseries.fr\/wp-content\/uploads\/2022\/04\/20250226_161925-768x432.jpg 768w, https:\/\/www.morere-menuiseries.fr\/wp-content\/uploads\/2022\/04\/20250226_161925-1536x865.jpg 1536w, https:\/\/www.morere-menuiseries.fr\/wp-content\/uploads\/2022\/04\/20250226_161925-2048x1153.jpg 2048w\" sizes=\"(max-width: 800px) 100vw, 800px\" \/>\t\t\t\t\t\t\t\t\t\t\t\t\t\t\t<\/div>\n\t\t\t\t<\/div>\n\t\t\t\t\t<\/div>\n\t\t<\/div>\n\t\t\t\t\t<\/div>\n\t\t<\/section>\n\t\t\t\t<section class=\"elementor-section elementor-top-section elementor-element elementor-element-b03036d elementor-section-boxed elementor-section-height-default elementor-section-height-default\" data-id=\"b03036d\" data-element_type=\"section\" data-e-type=\"section\" data-settings=\"{&quot;background_background&quot;:&quot;classic&quot;}\">\n\t\t\t\t\t\t\t<div class=\"elementor-background-overlay\"><\/div>\n\t\t\t\t\t\t\t<div class=\"elementor-container elementor-column-gap-default\">\n\t\t\t\t\t<div class=\"elementor-column elementor-col-100 elementor-top-column elementor-element elementor-element-6c9c4f5\" data-id=\"6c9c4f5\" data-element_type=\"column\" data-e-type=\"column\">\n\t\t\t<div class=\"elementor-widget-wrap elementor-element-populated\">\n\t\t\t\t\t\t<section class=\"elementor-section elementor-inner-section elementor-element elementor-element-164cd1c elementor-reverse-mobile elementor-section-boxed elementor-section-height-default elementor-section-height-default\" data-id=\"164cd1c\" data-element_type=\"section\" data-e-type=\"section\">\n\t\t\t\t\t\t<div class=\"elementor-container elementor-column-gap-default\">\n\t\t\t\t\t<div class=\"elementor-column elementor-col-50 elementor-inner-column elementor-element elementor-element-f8ea322\" data-id=\"f8ea322\" data-element_type=\"column\" data-e-type=\"column\">\n\t\t\t<div class=\"elementor-widget-wrap elementor-element-populated\">\n\t\t\t\t\t\t<div class=\"elementor-element elementor-element-ea354b0 elementor-button-align-stretch elementor-widget elementor-widget-form\" data-id=\"ea354b0\" data-element_type=\"widget\" data-e-type=\"widget\" data-settings=\"{&quot;step_next_label&quot;:&quot;Next&quot;,&quot;step_previous_label&quot;:&quot;Previous&quot;,&quot;button_width&quot;:&quot;100&quot;,&quot;step_type&quot;:&quot;number_text&quot;,&quot;step_icon_shape&quot;:&quot;circle&quot;}\" data-widget_type=\"form.default\">\n\t\t\t\t<div class=\"elementor-widget-container\">\n\t\t\t\t\t\t\t<form class=\"elementor-form\" method=\"post\" name=\"New Form\">\n\t\t\t<input type=\"hidden\" name=\"post_id\" value=\"1135\"\/>\n\t\t\t<input type=\"hidden\" name=\"form_id\" value=\"ea354b0\"\/>\n\t\t\t<input type=\"hidden\" name=\"referer_title\" value=\"Cuisine blanc et bois massif - Menuiseries Mor\u00e8re\" \/>\n\n\t\t\t\t\t\t\t<input type=\"hidden\" name=\"queried_id\" value=\"1135\"\/>\n\t\t\t\n\t\t\t<div class=\"elementor-form-fields-wrapper elementor-labels-\">\n\t\t\t\t\t\t\t\t<div class=\"elementor-field-type-text elementor-field-group elementor-column elementor-field-group-name elementor-col-50\">\n\t\t\t\t\t\t\t\t\t\t\t\t<label for=\"form-field-name\" class=\"elementor-field-label elementor-screen-only\">\n\t\t\t\t\t\t\t\tNom\t\t\t\t\t\t\t<\/label>\n\t\t\t\t\t\t\t\t\t\t\t\t\t\t<input size=\"1\" type=\"text\" name=\"form_fields[name]\" id=\"form-field-name\" class=\"elementor-field elementor-size-sm  elementor-field-textual\" placeholder=\"Nom\">\n\t\t\t\t\t\t\t\t\t\t\t<\/div>\n\t\t\t\t\t\t\t\t<div class=\"elementor-field-type-text elementor-field-group elementor-column elementor-field-group-field_cb1ebac elementor-col-50\">\n\t\t\t\t\t\t\t\t\t\t\t\t<label for=\"form-field-field_cb1ebac\" class=\"elementor-field-label elementor-screen-only\">\n\t\t\t\t\t\t\t\tPr\u00e9nom\t\t\t\t\t\t\t<\/label>\n\t\t\t\t\t\t\t\t\t\t\t\t\t\t<input size=\"1\" type=\"text\" name=\"form_fields[field_cb1ebac]\" id=\"form-field-field_cb1ebac\" class=\"elementor-field elementor-size-sm  elementor-field-textual\" placeholder=\"Pr\u00e9nom\">\n\t\t\t\t\t\t\t\t\t\t\t<\/div>\n\t\t\t\t\t\t\t\t<div class=\"elementor-field-type-email elementor-field-group elementor-column elementor-field-group-email elementor-col-100 elementor-field-required\">\n\t\t\t\t\t\t\t\t\t\t\t\t<label for=\"form-field-email\" class=\"elementor-field-label elementor-screen-only\">\n\t\t\t\t\t\t\t\tEmail\t\t\t\t\t\t\t<\/label>\n\t\t\t\t\t\t\t\t\t\t\t\t\t\t<input size=\"1\" type=\"email\" name=\"form_fields[email]\" id=\"form-field-email\" class=\"elementor-field elementor-size-sm  elementor-field-textual\" placeholder=\"Email\" required=\"required\">\n\t\t\t\t\t\t\t\t\t\t\t<\/div>\n\t\t\t\t\t\t\t\t<div class=\"elementor-field-type-tel elementor-field-group elementor-column elementor-field-group-field_ea0a132 elementor-col-100\">\n\t\t\t\t\t\t\t\t\t\t\t\t<label for=\"form-field-field_ea0a132\" class=\"elementor-field-label elementor-screen-only\">\n\t\t\t\t\t\t\t\tT\u00e9l\u00e9phone\t\t\t\t\t\t\t<\/label>\n\t\t\t\t\t\t\t\t<input size=\"1\" type=\"tel\" name=\"form_fields[field_ea0a132]\" id=\"form-field-field_ea0a132\" class=\"elementor-field elementor-size-sm  elementor-field-textual\" placeholder=\"T\u00e9l\u00e9phone\" pattern=\"[0-9()#&amp;+*-=.]+\" title=\"Seuls les caract\u00e8res de num\u00e9ros de t\u00e9l\u00e9phone (#, -, *, etc.) sont accept\u00e9s.\">\n\n\t\t\t\t\t\t<\/div>\n\t\t\t\t\t\t\t\t<div class=\"elementor-field-type-textarea elementor-field-group elementor-column elementor-field-group-message elementor-col-100\">\n\t\t\t\t\t\t\t\t\t\t\t\t<label for=\"form-field-message\" class=\"elementor-field-label elementor-screen-only\">\n\t\t\t\t\t\t\t\tMessage\t\t\t\t\t\t\t<\/label>\n\t\t\t\t\t\t<textarea class=\"elementor-field-textual elementor-field  elementor-size-sm\" name=\"form_fields[message]\" id=\"form-field-message\" rows=\"4\" placeholder=\"Message\"><\/textarea>\t\t\t\t<\/div>\n\t\t\t\t\t\t\t\t<div class=\"elementor-field-group elementor-column elementor-field-type-submit elementor-col-100 e-form__buttons\">\n\t\t\t\t\t<button class=\"elementor-button elementor-size-sm\" type=\"submit\">\n\t\t\t\t\t\t<span class=\"elementor-button-content-wrapper\">\n\t\t\t\t\t\t\t\t\t\t\t\t\t\t\t<span class=\"elementor-button-icon\">\n\t\t\t\t\t\t\t\t\t<i aria-hidden=\"true\" class=\"far fa-paper-plane\"><\/i>\t\t\t\t\t\t\t\t\t\t\t\t\t\t\t\t\t<\/span>\n\t\t\t\t\t\t\t\t\t\t\t\t\t\t\t\t\t\t\t\t\t\t<span class=\"elementor-button-text\">Envoyer<\/span>\n\t\t\t\t\t\t\t\t\t\t\t\t\t<\/span>\n\t\t\t\t\t<\/button>\n\t\t\t\t<\/div>\n\t\t\t<\/div>\n\t\t<\/form>\n\t\t\t\t\t\t<\/div>\n\t\t\t\t<\/div>\n\t\t\t\t\t<\/div>\n\t\t<\/div>\n\t\t\t\t<div class=\"elementor-column elementor-col-50 elementor-inner-column elementor-element elementor-element-097ce73\" data-id=\"097ce73\" data-element_type=\"column\" data-e-type=\"column\">\n\t\t\t<div class=\"elementor-widget-wrap elementor-element-populated\">\n\t\t\t\t\t\t<div class=\"elementor-element elementor-element-a5d5497 elementor-widget elementor-widget-heading\" data-id=\"a5d5497\" data-element_type=\"widget\" data-e-type=\"widget\" data-widget_type=\"heading.default\">\n\t\t\t\t<div class=\"elementor-widget-container\">\n\t\t\t\t\t<h2 class=\"elementor-heading-title elementor-size-default\">Nous demander un RDV<\/h2>\t\t\t\t<\/div>\n\t\t\t\t<\/div>\n\t\t\t\t<div class=\"elementor-element elementor-element-bd20251 elementor-widget elementor-widget-text-editor\" data-id=\"bd20251\" data-element_type=\"widget\" data-e-type=\"widget\" data-widget_type=\"text-editor.default\">\n\t\t\t\t<div class=\"elementor-widget-container\">\n\t\t\t\t\t\t\t\t\t<p>Afin d&rsquo;\u00e9tudier au mieux votre projet, nous pouvons convenir d&rsquo;un rendez-vous au cours duquel nous pourrons discuter de vos envies et de vos besoins&#8230;<\/p><p><br><\/p><p>N&rsquo;h\u00e9sitez pas \u00e0 nous joindre, nous vous r\u00e9pondrons dans les plus brefs d\u00e9lais.<br><\/p>\t\t\t\t\t\t\t\t<\/div>\n\t\t\t\t<\/div>\n\t\t\t\t\t<\/div>\n\t\t<\/div>\n\t\t\t\t\t<\/div>\n\t\t<\/section>\n\t\t\t\t\t<\/div>\n\t\t<\/div>\n\t\t\t\t\t<\/div>\n\t\t<\/section>\n\t\t\t\t<section class=\"elementor-section elementor-top-section elementor-element elementor-element-7105751 elementor-section-boxed elementor-section-height-default elementor-section-height-default\" data-id=\"7105751\" data-element_type=\"section\" data-e-type=\"section\">\n\t\t\t\t\t\t<div class=\"elementor-container elementor-column-gap-default\">\n\t\t\t\t\t<div class=\"elementor-column elementor-col-100 elementor-top-column elementor-element elementor-element-9cef90e\" data-id=\"9cef90e\" data-element_type=\"column\" data-e-type=\"column\">\n\t\t\t<div class=\"elementor-widget-wrap elementor-element-populated\">\n\t\t\t\t\t\t<div class=\"elementor-element elementor-element-ddf7bd5 elementor-align-center elementor-widget elementor-widget-button\" data-id=\"ddf7bd5\" data-element_type=\"widget\" data-e-type=\"widget\" data-widget_type=\"button.default\">\n\t\t\t\t<div class=\"elementor-widget-container\">\n\t\t\t\t\t\t\t\t\t<div class=\"elementor-button-wrapper\">\n\t\t\t\t\t<a class=\"elementor-button elementor-button-link elementor-size-xl\" href=\"http:\/\/www.morere-menuiseries.fr\/index.php\/contact\/\">\n\t\t\t\t\t\t<span class=\"elementor-button-content-wrapper\">\n\t\t\t\t\t\t\t\t\t<span class=\"elementor-button-text\">Demander un devis<\/span>\n\t\t\t\t\t<\/span>\n\t\t\t\t\t<\/a>\n\t\t\t\t<\/div>\n\t\t\t\t\t\t\t\t<\/div>\n\t\t\t\t<\/div>\n\t\t\t\t\t<\/div>\n\t\t<\/div>\n\t\t\t\t\t<\/div>\n\t\t<\/section>\n\t\t\t\t<section class=\"elementor-section elementor-top-section elementor-element elementor-element-42d25c3 elementor-section-boxed elementor-section-height-default elementor-section-height-default\" data-id=\"42d25c3\" data-element_type=\"section\" data-e-type=\"section\">\n\t\t\t\t\t\t<div class=\"elementor-container elementor-column-gap-default\">\n\t\t\t\t\t<div class=\"elementor-column elementor-col-50 elementor-top-column elementor-element elementor-element-3836c4c\" data-id=\"3836c4c\" data-element_type=\"column\" data-e-type=\"column\">\n\t\t\t<div class=\"elementor-widget-wrap elementor-element-populated\">\n\t\t\t\t\t\t<div class=\"elementor-element elementor-element-5391cf4 elementor-widget elementor-widget-heading\" data-id=\"5391cf4\" data-element_type=\"widget\" data-e-type=\"widget\" data-widget_type=\"heading.default\">\n\t\t\t\t<div class=\"elementor-widget-container\">\n\t\t\t\t\t<h2 class=\"elementor-heading-title elementor-size-default\">Nous trouver<\/h2>\t\t\t\t<\/div>\n\t\t\t\t<\/div>\n\t\t\t\t<div class=\"elementor-element elementor-element-7d57921 elementor-widget elementor-widget-text-editor\" data-id=\"7d57921\" data-element_type=\"widget\" data-e-type=\"widget\" data-widget_type=\"text-editor.default\">\n\t\t\t\t<div class=\"elementor-widget-container\">\n\t\t\t\t\t\t\t\t\t<p>Lieu dit le Casse 09000 B\u00e9nac<\/p><p>05.61.02.80.12<\/p><p>Contact@morere-menuiseries.fr<\/p>\t\t\t\t\t\t\t\t<\/div>\n\t\t\t\t<\/div>\n\t\t\t\t\t<\/div>\n\t\t<\/div>\n\t\t\t\t<div class=\"elementor-column elementor-col-50 elementor-top-column elementor-element elementor-element-8bd337e\" data-id=\"8bd337e\" data-element_type=\"column\" data-e-type=\"column\">\n\t\t\t<div class=\"elementor-widget-wrap elementor-element-populated\">\n\t\t\t\t\t\t<div class=\"elementor-element elementor-element-feb3cf5 elementor-widget elementor-widget-google_maps\" data-id=\"feb3cf5\" data-element_type=\"widget\" data-e-type=\"widget\" data-widget_type=\"google_maps.default\">\n\t\t\t\t<div class=\"elementor-widget-container\">\n\t\t\t\t\t\t\t<div class=\"elementor-custom-embed\">\n\t\t\t<iframe loading=\"lazy\"\n\t\t\t\t\tsrc=\"https:\/\/maps.google.com\/maps?q=Philippe%20Morere%20Sarl%2C%20Le%20Casse%2C%20B%C3%A9nac%2C%20France&#038;t=m&#038;z=10&#038;output=embed&#038;iwloc=near\"\n\t\t\t\t\ttitle=\"Philippe Morere Sarl, Le Casse, B\u00e9nac, France\"\n\t\t\t\t\taria-label=\"Philippe Morere Sarl, Le Casse, B\u00e9nac, France\"\n\t\t\t><\/iframe>\n\t\t<\/div>\n\t\t\t\t\t\t<\/div>\n\t\t\t\t<\/div>\n\t\t\t\t\t<\/div>\n\t\t<\/div>\n\t\t\t\t\t<\/div>\n\t\t<\/section>\n\t\t\t\t<\/div>\n\t\t","protected":false},"excerpt":{"rendered":"<p>Cuisine Blanc et bois massif Une esth\u00e9tique chaleureuse et lumineuse Nous pla\u00e7ons l\u2019esth\u00e9tique au c\u0153ur de la conception d&rsquo;une cuisine sur mesure en bois et blanc. Ce mariage subtil entre la douceur du blanc et le caract\u00e8re du bois cr\u00e9e une ambiance \u00e0 la fois moderne et chaleureuse. Chaque projet est pens\u00e9 pour valoriser votre [&hellip;]<\/p>\n","protected":false},"author":1,"featured_media":1132,"comment_status":"open","ping_status":"open","sticky":false,"template":"elementor_header_footer","format":"standard","meta":{"footnotes":"[]"},"categories":[9,1],"tags":[],"class_list":["post-1135","post","type-post","status-publish","format-standard","has-post-thumbnail","hentry","category-cuisine","category-non-classe"],"yoast_head":"<!-- This site is optimized with the Yoast SEO plugin v27.4 - https:\/\/yoast.com\/product\/yoast-seo-wordpress\/ -->\n<title>Cuisine blanc et bois massif - Menuiseries Mor\u00e8re<\/title>\n<meta name=\"robots\" content=\"index, follow, max-snippet:-1, max-image-preview:large, max-video-preview:-1\" \/>\n<link rel=\"canonical\" href=\"https:\/\/www.morere-menuiseries.fr\/index.php\/2025\/02\/28\/cuisine-blanc-et-bois-massif\/\" \/>\n<meta property=\"og:locale\" content=\"fr_FR\" \/>\n<meta property=\"og:type\" content=\"article\" \/>\n<meta property=\"og:title\" content=\"Cuisine blanc et bois massif - Menuiseries Mor\u00e8re\" \/>\n<meta property=\"og:description\" content=\"Cuisine Blanc et bois massif Une esth\u00e9tique chaleureuse et lumineuse Nous pla\u00e7ons l\u2019esth\u00e9tique au c\u0153ur de la conception d&rsquo;une cuisine sur mesure en bois et blanc. Ce mariage subtil entre la douceur du blanc et le caract\u00e8re du bois cr\u00e9e une ambiance \u00e0 la fois moderne et chaleureuse. Chaque projet est pens\u00e9 pour valoriser votre [&hellip;]\" \/>\n<meta property=\"og:url\" content=\"https:\/\/www.morere-menuiseries.fr\/index.php\/2025\/02\/28\/cuisine-blanc-et-bois-massif\/\" \/>\n<meta property=\"og:site_name\" content=\"Menuiseries Mor\u00e8re\" \/>\n<meta property=\"article:published_time\" content=\"2025-02-28T10:24:39+00:00\" \/>\n<meta property=\"article:modified_time\" content=\"2025-04-08T09:10:39+00:00\" \/>\n<meta property=\"og:image\" content=\"https:\/\/www.morere-menuiseries.fr\/wp-content\/uploads\/2022\/04\/20250226_161806-scaled.jpg\" \/>\n\t<meta property=\"og:image:width\" content=\"2560\" \/>\n\t<meta property=\"og:image:height\" content=\"1441\" \/>\n\t<meta property=\"og:image:type\" content=\"image\/jpeg\" \/>\n<meta name=\"author\" content=\"morere001\" \/>\n<meta name=\"twitter:card\" content=\"summary_large_image\" \/>\n<meta name=\"twitter:label1\" content=\"\u00c9crit par\" \/>\n\t<meta name=\"twitter:data1\" content=\"morere001\" \/>\n\t<meta name=\"twitter:label2\" content=\"Dur\u00e9e de lecture estim\u00e9e\" \/>\n\t<meta name=\"twitter:data2\" content=\"3 minutes\" \/>\n<script type=\"application\/ld+json\" class=\"yoast-schema-graph\">{\"@context\":\"https:\\\/\\\/schema.org\",\"@graph\":[{\"@type\":\"Article\",\"@id\":\"https:\\\/\\\/www.morere-menuiseries.fr\\\/index.php\\\/2025\\\/02\\\/28\\\/cuisine-blanc-et-bois-massif\\\/#article\",\"isPartOf\":{\"@id\":\"https:\\\/\\\/www.morere-menuiseries.fr\\\/index.php\\\/2025\\\/02\\\/28\\\/cuisine-blanc-et-bois-massif\\\/\"},\"author\":{\"name\":\"morere001\",\"@id\":\"https:\\\/\\\/www.morere-menuiseries.fr\\\/#\\\/schema\\\/person\\\/31f112d6a2992dabd0e6100c2e01ec6a\"},\"headline\":\"Cuisine blanc et bois massif\",\"datePublished\":\"2025-02-28T10:24:39+00:00\",\"dateModified\":\"2025-04-08T09:10:39+00:00\",\"mainEntityOfPage\":{\"@id\":\"https:\\\/\\\/www.morere-menuiseries.fr\\\/index.php\\\/2025\\\/02\\\/28\\\/cuisine-blanc-et-bois-massif\\\/\"},\"wordCount\":417,\"commentCount\":0,\"publisher\":{\"@id\":\"https:\\\/\\\/www.morere-menuiseries.fr\\\/#organization\"},\"image\":{\"@id\":\"https:\\\/\\\/www.morere-menuiseries.fr\\\/index.php\\\/2025\\\/02\\\/28\\\/cuisine-blanc-et-bois-massif\\\/#primaryimage\"},\"thumbnailUrl\":\"https:\\\/\\\/www.morere-menuiseries.fr\\\/wp-content\\\/uploads\\\/2022\\\/04\\\/20250226_161806-scaled.jpg\",\"articleSection\":[\"Cuisine\"],\"inLanguage\":\"fr-FR\",\"potentialAction\":[{\"@type\":\"CommentAction\",\"name\":\"Comment\",\"target\":[\"https:\\\/\\\/www.morere-menuiseries.fr\\\/index.php\\\/2025\\\/02\\\/28\\\/cuisine-blanc-et-bois-massif\\\/#respond\"]}]},{\"@type\":\"WebPage\",\"@id\":\"https:\\\/\\\/www.morere-menuiseries.fr\\\/index.php\\\/2025\\\/02\\\/28\\\/cuisine-blanc-et-bois-massif\\\/\",\"url\":\"https:\\\/\\\/www.morere-menuiseries.fr\\\/index.php\\\/2025\\\/02\\\/28\\\/cuisine-blanc-et-bois-massif\\\/\",\"name\":\"Cuisine blanc et bois massif - Menuiseries Mor\u00e8re\",\"isPartOf\":{\"@id\":\"https:\\\/\\\/www.morere-menuiseries.fr\\\/#website\"},\"primaryImageOfPage\":{\"@id\":\"https:\\\/\\\/www.morere-menuiseries.fr\\\/index.php\\\/2025\\\/02\\\/28\\\/cuisine-blanc-et-bois-massif\\\/#primaryimage\"},\"image\":{\"@id\":\"https:\\\/\\\/www.morere-menuiseries.fr\\\/index.php\\\/2025\\\/02\\\/28\\\/cuisine-blanc-et-bois-massif\\\/#primaryimage\"},\"thumbnailUrl\":\"https:\\\/\\\/www.morere-menuiseries.fr\\\/wp-content\\\/uploads\\\/2022\\\/04\\\/20250226_161806-scaled.jpg\",\"datePublished\":\"2025-02-28T10:24:39+00:00\",\"dateModified\":\"2025-04-08T09:10:39+00:00\",\"breadcrumb\":{\"@id\":\"https:\\\/\\\/www.morere-menuiseries.fr\\\/index.php\\\/2025\\\/02\\\/28\\\/cuisine-blanc-et-bois-massif\\\/#breadcrumb\"},\"inLanguage\":\"fr-FR\",\"potentialAction\":[{\"@type\":\"ReadAction\",\"target\":[\"https:\\\/\\\/www.morere-menuiseries.fr\\\/index.php\\\/2025\\\/02\\\/28\\\/cuisine-blanc-et-bois-massif\\\/\"]}]},{\"@type\":\"ImageObject\",\"inLanguage\":\"fr-FR\",\"@id\":\"https:\\\/\\\/www.morere-menuiseries.fr\\\/index.php\\\/2025\\\/02\\\/28\\\/cuisine-blanc-et-bois-massif\\\/#primaryimage\",\"url\":\"https:\\\/\\\/www.morere-menuiseries.fr\\\/wp-content\\\/uploads\\\/2022\\\/04\\\/20250226_161806-scaled.jpg\",\"contentUrl\":\"https:\\\/\\\/www.morere-menuiseries.fr\\\/wp-content\\\/uploads\\\/2022\\\/04\\\/20250226_161806-scaled.jpg\",\"width\":2560,\"height\":1441},{\"@type\":\"BreadcrumbList\",\"@id\":\"https:\\\/\\\/www.morere-menuiseries.fr\\\/index.php\\\/2025\\\/02\\\/28\\\/cuisine-blanc-et-bois-massif\\\/#breadcrumb\",\"itemListElement\":[{\"@type\":\"ListItem\",\"position\":1,\"name\":\"Accueil\",\"item\":\"https:\\\/\\\/www.morere-menuiseries.fr\\\/\"},{\"@type\":\"ListItem\",\"position\":2,\"name\":\"Cuisine blanc et bois massif\"}]},{\"@type\":\"WebSite\",\"@id\":\"https:\\\/\\\/www.morere-menuiseries.fr\\\/#website\",\"url\":\"https:\\\/\\\/www.morere-menuiseries.fr\\\/\",\"name\":\"Menuiseries Mor\u00e8re\",\"description\":\"Un professionnel \u00e0 votre service\",\"publisher\":{\"@id\":\"https:\\\/\\\/www.morere-menuiseries.fr\\\/#organization\"},\"potentialAction\":[{\"@type\":\"SearchAction\",\"target\":{\"@type\":\"EntryPoint\",\"urlTemplate\":\"https:\\\/\\\/www.morere-menuiseries.fr\\\/?s={search_term_string}\"},\"query-input\":{\"@type\":\"PropertyValueSpecification\",\"valueRequired\":true,\"valueName\":\"search_term_string\"}}],\"inLanguage\":\"fr-FR\"},{\"@type\":\"Organization\",\"@id\":\"https:\\\/\\\/www.morere-menuiseries.fr\\\/#organization\",\"name\":\"Menuiseries Mor\u00e8re\",\"url\":\"https:\\\/\\\/www.morere-menuiseries.fr\\\/\",\"logo\":{\"@type\":\"ImageObject\",\"inLanguage\":\"fr-FR\",\"@id\":\"https:\\\/\\\/www.morere-menuiseries.fr\\\/#\\\/schema\\\/logo\\\/image\\\/\",\"url\":\"https:\\\/\\\/www.morere-menuiseries.fr\\\/wp-content\\\/uploads\\\/2022\\\/04\\\/cropped-Logo-Morere-menuiserie.png\",\"contentUrl\":\"https:\\\/\\\/www.morere-menuiseries.fr\\\/wp-content\\\/uploads\\\/2022\\\/04\\\/cropped-Logo-Morere-menuiserie.png\",\"width\":750,\"height\":750,\"caption\":\"Menuiseries Mor\u00e8re\"},\"image\":{\"@id\":\"https:\\\/\\\/www.morere-menuiseries.fr\\\/#\\\/schema\\\/logo\\\/image\\\/\"}},{\"@type\":\"Person\",\"@id\":\"https:\\\/\\\/www.morere-menuiseries.fr\\\/#\\\/schema\\\/person\\\/31f112d6a2992dabd0e6100c2e01ec6a\",\"name\":\"morere001\",\"image\":{\"@type\":\"ImageObject\",\"inLanguage\":\"fr-FR\",\"@id\":\"https:\\\/\\\/secure.gravatar.com\\\/avatar\\\/84e558e23f2bffba4fcbebc95fb06206ce569d693d96d4aa90a472c89b27aa67?s=96&d=mm&r=g\",\"url\":\"https:\\\/\\\/secure.gravatar.com\\\/avatar\\\/84e558e23f2bffba4fcbebc95fb06206ce569d693d96d4aa90a472c89b27aa67?s=96&d=mm&r=g\",\"contentUrl\":\"https:\\\/\\\/secure.gravatar.com\\\/avatar\\\/84e558e23f2bffba4fcbebc95fb06206ce569d693d96d4aa90a472c89b27aa67?s=96&d=mm&r=g\",\"caption\":\"morere001\"},\"sameAs\":[\"http:\\\/\\\/www.morere-menuiseries.fr\"],\"url\":\"https:\\\/\\\/www.morere-menuiseries.fr\\\/index.php\\\/author\\\/morere001\\\/\"}]}<\/script>\n<!-- \/ Yoast SEO plugin. -->","yoast_head_json":{"title":"Cuisine blanc et bois massif - Menuiseries Mor\u00e8re","robots":{"index":"index","follow":"follow","max-snippet":"max-snippet:-1","max-image-preview":"max-image-preview:large","max-video-preview":"max-video-preview:-1"},"canonical":"https:\/\/www.morere-menuiseries.fr\/index.php\/2025\/02\/28\/cuisine-blanc-et-bois-massif\/","og_locale":"fr_FR","og_type":"article","og_title":"Cuisine blanc et bois massif - Menuiseries Mor\u00e8re","og_description":"Cuisine Blanc et bois massif Une esth\u00e9tique chaleureuse et lumineuse Nous pla\u00e7ons l\u2019esth\u00e9tique au c\u0153ur de la conception d&rsquo;une cuisine sur mesure en bois et blanc. Ce mariage subtil entre la douceur du blanc et le caract\u00e8re du bois cr\u00e9e une ambiance \u00e0 la fois moderne et chaleureuse. Chaque projet est pens\u00e9 pour valoriser votre [&hellip;]","og_url":"https:\/\/www.morere-menuiseries.fr\/index.php\/2025\/02\/28\/cuisine-blanc-et-bois-massif\/","og_site_name":"Menuiseries Mor\u00e8re","article_published_time":"2025-02-28T10:24:39+00:00","article_modified_time":"2025-04-08T09:10:39+00:00","og_image":[{"width":2560,"height":1441,"url":"https:\/\/www.morere-menuiseries.fr\/wp-content\/uploads\/2022\/04\/20250226_161806-scaled.jpg","type":"image\/jpeg"}],"author":"morere001","twitter_card":"summary_large_image","twitter_misc":{"\u00c9crit par":"morere001","Dur\u00e9e de lecture estim\u00e9e":"3 minutes"},"schema":{"@context":"https:\/\/schema.org","@graph":[{"@type":"Article","@id":"https:\/\/www.morere-menuiseries.fr\/index.php\/2025\/02\/28\/cuisine-blanc-et-bois-massif\/#article","isPartOf":{"@id":"https:\/\/www.morere-menuiseries.fr\/index.php\/2025\/02\/28\/cuisine-blanc-et-bois-massif\/"},"author":{"name":"morere001","@id":"https:\/\/www.morere-menuiseries.fr\/#\/schema\/person\/31f112d6a2992dabd0e6100c2e01ec6a"},"headline":"Cuisine blanc et bois massif","datePublished":"2025-02-28T10:24:39+00:00","dateModified":"2025-04-08T09:10:39+00:00","mainEntityOfPage":{"@id":"https:\/\/www.morere-menuiseries.fr\/index.php\/2025\/02\/28\/cuisine-blanc-et-bois-massif\/"},"wordCount":417,"commentCount":0,"publisher":{"@id":"https:\/\/www.morere-menuiseries.fr\/#organization"},"image":{"@id":"https:\/\/www.morere-menuiseries.fr\/index.php\/2025\/02\/28\/cuisine-blanc-et-bois-massif\/#primaryimage"},"thumbnailUrl":"https:\/\/www.morere-menuiseries.fr\/wp-content\/uploads\/2022\/04\/20250226_161806-scaled.jpg","articleSection":["Cuisine"],"inLanguage":"fr-FR","potentialAction":[{"@type":"CommentAction","name":"Comment","target":["https:\/\/www.morere-menuiseries.fr\/index.php\/2025\/02\/28\/cuisine-blanc-et-bois-massif\/#respond"]}]},{"@type":"WebPage","@id":"https:\/\/www.morere-menuiseries.fr\/index.php\/2025\/02\/28\/cuisine-blanc-et-bois-massif\/","url":"https:\/\/www.morere-menuiseries.fr\/index.php\/2025\/02\/28\/cuisine-blanc-et-bois-massif\/","name":"Cuisine blanc et bois massif - Menuiseries Mor\u00e8re","isPartOf":{"@id":"https:\/\/www.morere-menuiseries.fr\/#website"},"primaryImageOfPage":{"@id":"https:\/\/www.morere-menuiseries.fr\/index.php\/2025\/02\/28\/cuisine-blanc-et-bois-massif\/#primaryimage"},"image":{"@id":"https:\/\/www.morere-menuiseries.fr\/index.php\/2025\/02\/28\/cuisine-blanc-et-bois-massif\/#primaryimage"},"thumbnailUrl":"https:\/\/www.morere-menuiseries.fr\/wp-content\/uploads\/2022\/04\/20250226_161806-scaled.jpg","datePublished":"2025-02-28T10:24:39+00:00","dateModified":"2025-04-08T09:10:39+00:00","breadcrumb":{"@id":"https:\/\/www.morere-menuiseries.fr\/index.php\/2025\/02\/28\/cuisine-blanc-et-bois-massif\/#breadcrumb"},"inLanguage":"fr-FR","potentialAction":[{"@type":"ReadAction","target":["https:\/\/www.morere-menuiseries.fr\/index.php\/2025\/02\/28\/cuisine-blanc-et-bois-massif\/"]}]},{"@type":"ImageObject","inLanguage":"fr-FR","@id":"https:\/\/www.morere-menuiseries.fr\/index.php\/2025\/02\/28\/cuisine-blanc-et-bois-massif\/#primaryimage","url":"https:\/\/www.morere-menuiseries.fr\/wp-content\/uploads\/2022\/04\/20250226_161806-scaled.jpg","contentUrl":"https:\/\/www.morere-menuiseries.fr\/wp-content\/uploads\/2022\/04\/20250226_161806-scaled.jpg","width":2560,"height":1441},{"@type":"BreadcrumbList","@id":"https:\/\/www.morere-menuiseries.fr\/index.php\/2025\/02\/28\/cuisine-blanc-et-bois-massif\/#breadcrumb","itemListElement":[{"@type":"ListItem","position":1,"name":"Accueil","item":"https:\/\/www.morere-menuiseries.fr\/"},{"@type":"ListItem","position":2,"name":"Cuisine blanc et bois massif"}]},{"@type":"WebSite","@id":"https:\/\/www.morere-menuiseries.fr\/#website","url":"https:\/\/www.morere-menuiseries.fr\/","name":"Menuiseries Mor\u00e8re","description":"Un professionnel \u00e0 votre service","publisher":{"@id":"https:\/\/www.morere-menuiseries.fr\/#organization"},"potentialAction":[{"@type":"SearchAction","target":{"@type":"EntryPoint","urlTemplate":"https:\/\/www.morere-menuiseries.fr\/?s={search_term_string}"},"query-input":{"@type":"PropertyValueSpecification","valueRequired":true,"valueName":"search_term_string"}}],"inLanguage":"fr-FR"},{"@type":"Organization","@id":"https:\/\/www.morere-menuiseries.fr\/#organization","name":"Menuiseries Mor\u00e8re","url":"https:\/\/www.morere-menuiseries.fr\/","logo":{"@type":"ImageObject","inLanguage":"fr-FR","@id":"https:\/\/www.morere-menuiseries.fr\/#\/schema\/logo\/image\/","url":"https:\/\/www.morere-menuiseries.fr\/wp-content\/uploads\/2022\/04\/cropped-Logo-Morere-menuiserie.png","contentUrl":"https:\/\/www.morere-menuiseries.fr\/wp-content\/uploads\/2022\/04\/cropped-Logo-Morere-menuiserie.png","width":750,"height":750,"caption":"Menuiseries Mor\u00e8re"},"image":{"@id":"https:\/\/www.morere-menuiseries.fr\/#\/schema\/logo\/image\/"}},{"@type":"Person","@id":"https:\/\/www.morere-menuiseries.fr\/#\/schema\/person\/31f112d6a2992dabd0e6100c2e01ec6a","name":"morere001","image":{"@type":"ImageObject","inLanguage":"fr-FR","@id":"https:\/\/secure.gravatar.com\/avatar\/84e558e23f2bffba4fcbebc95fb06206ce569d693d96d4aa90a472c89b27aa67?s=96&d=mm&r=g","url":"https:\/\/secure.gravatar.com\/avatar\/84e558e23f2bffba4fcbebc95fb06206ce569d693d96d4aa90a472c89b27aa67?s=96&d=mm&r=g","contentUrl":"https:\/\/secure.gravatar.com\/avatar\/84e558e23f2bffba4fcbebc95fb06206ce569d693d96d4aa90a472c89b27aa67?s=96&d=mm&r=g","caption":"morere001"},"sameAs":["http:\/\/www.morere-menuiseries.fr"],"url":"https:\/\/www.morere-menuiseries.fr\/index.php\/author\/morere001\/"}]}},"_links":{"self":[{"href":"https:\/\/www.morere-menuiseries.fr\/index.php\/wp-json\/wp\/v2\/posts\/1135","targetHints":{"allow":["GET"]}}],"collection":[{"href":"https:\/\/www.morere-menuiseries.fr\/index.php\/wp-json\/wp\/v2\/posts"}],"about":[{"href":"https:\/\/www.morere-menuiseries.fr\/index.php\/wp-json\/wp\/v2\/types\/post"}],"author":[{"embeddable":true,"href":"https:\/\/www.morere-menuiseries.fr\/index.php\/wp-json\/wp\/v2\/users\/1"}],"replies":[{"embeddable":true,"href":"https:\/\/www.morere-menuiseries.fr\/index.php\/wp-json\/wp\/v2\/comments?post=1135"}],"version-history":[{"count":19,"href":"https:\/\/www.morere-menuiseries.fr\/index.php\/wp-json\/wp\/v2\/posts\/1135\/revisions"}],"predecessor-version":[{"id":1161,"href":"https:\/\/www.morere-menuiseries.fr\/index.php\/wp-json\/wp\/v2\/posts\/1135\/revisions\/1161"}],"wp:featuredmedia":[{"embeddable":true,"href":"https:\/\/www.morere-menuiseries.fr\/index.php\/wp-json\/wp\/v2\/media\/1132"}],"wp:attachment":[{"href":"https:\/\/www.morere-menuiseries.fr\/index.php\/wp-json\/wp\/v2\/media?parent=1135"}],"wp:term":[{"taxonomy":"category","embeddable":true,"href":"https:\/\/www.morere-menuiseries.fr\/index.php\/wp-json\/wp\/v2\/categories?post=1135"},{"taxonomy":"post_tag","embeddable":true,"href":"https:\/\/www.morere-menuiseries.fr\/index.php\/wp-json\/wp\/v2\/tags?post=1135"}],"curies":[{"name":"wp","href":"https:\/\/api.w.org\/{rel}","templated":true}]}}